[{"@context":"https:\/\/schema.org\/","@type":"Article","@id":"https:\/\/www.kinetik.cz\/sidlo-firmy-primo-v-centru-prahy\/#Article","mainEntityOfPage":"https:\/\/www.kinetik.cz\/sidlo-firmy-primo-v-centru-prahy\/","headline":"S\u00eddlo firmy p\u0159\u00edmo v\u00a0centru Prahy","name":"S\u00eddlo firmy p\u0159\u00edmo v\u00a0centru Prahy","description":"Ka\u017ed\u00fd nov\u00fd podnikatel by se m\u011bl nejprve zamyslet nad t\u00edm, kde si zvol\u00ed s\u00eddlo firmy. Z d\u016fvodu ur\u010dit\u00e9 presti\u017ee by nad\u00e1le ud\u00e1van\u00e1 adresa firmy mohla b\u00fdt na p\u0159\u00edklad ve v\u011bt\u0161\u00edm m\u011bst\u011b, minim\u00e1ln\u011b pak v okresn\u00edm m\u011bst\u011b. Nemus\u00edte \u0159e\u0161it s\u00e1hodlouze, jak na to. Sta\u010d\u00ed, oslov\u00edte-li agentury, kter\u00e9 tuto i jin\u00e9 administrativn\u00ed a organiza\u010dn\u00ed z\u00e1le\u017eitosti zprost\u0159edkov\u00e1vaj\u00ed, v\u010detn\u011b toho nejd\u016fle\u017eit\u011bj\u0161\u00edho, a t\u00edm je&hellip;","datePublished":"2025-02-06","dateModified":"2025-02-06","author":{"@type":"Person","@id":"https:\/\/www.kinetik.cz\/author\/#Person","name":"","url":"https:\/\/www.kinetik.cz\/author\/","identifier":1,"image":{"@type":"ImageObject","@id":"https:\/\/secure.gravatar.com\/avatar\/ac70c9e5ac34d1687bd81eed3e0a5127e2920111fdfe832b53d740bc4b86c4fd?s=96&d=mm&r=g","url":"https:\/\/secure.gravatar.com\/avatar\/ac70c9e5ac34d1687bd81eed3e0a5127e2920111fdfe832b53d740bc4b86c4fd?s=96&d=mm&r=g","height":96,"width":96}},"publisher":{"@type":"Organization","name":"kinetik.cz","logo":{"@type":"ImageObject","@id":"\/logo.png","url":"\/logo.png","width":600,"height":60}},"url":"https:\/\/www.kinetik.cz\/sidlo-firmy-primo-v-centru-prahy\/","wordCount":170,"articleBody":"Ka\u017ed\u00fd nov\u00fd podnikatel by se m\u011bl nejprve zamyslet nad t\u00edm, kde si zvol\u00ed s\u00eddlo firmy. Z d\u016fvodu ur\u010dit\u00e9 presti\u017ee by nad\u00e1le ud\u00e1van\u00e1 adresa firmy mohla b\u00fdt na p\u0159\u00edklad ve v\u011bt\u0161\u00edm m\u011bst\u011b, minim\u00e1ln\u011b pak v okresn\u00edm m\u011bst\u011b.Nemus\u00edte \u0159e\u0161it s\u00e1hodlouze, jak na to. Sta\u010d\u00ed, oslov\u00edte-li agentury, kter\u00e9 tuto i jin\u00e9 administrativn\u00ed a organiza\u010dn\u00ed z\u00e1le\u017eitosti zprost\u0159edkov\u00e1vaj\u00ed, v\u010detn\u011b toho nejd\u016fle\u017eit\u011bj\u0161\u00edho, a t\u00edm je s\u00eddlo firmy.Zm\u011bna s\u00eddla spole\u010dnostiPokud pot\u0159ebujete p\u0159est\u011bhovat firmu \u010di zm\u011bnit jej\u00ed s\u00eddlo, \u010dek\u00e1 v\u00e1s tot\u00e9\u017e. Po \u010dase p\u0159ijdete na to, \u017ee jednodu\u0161e a efektivn\u011b m\u016f\u017eete s\u00eddlo firmy jmenovat tam, kde zrovna pot\u0159ebujete. Za m\u011bs\u00ed\u010dn\u00ed pau\u0161\u00e1l budete moci provozovat s\u00eddlo, kde si jen budete p\u0159\u00e1t, a to v\u010detn\u011b virtu\u00e1ln\u00ed kancel\u00e1\u0159e, telefonu a asistentky.                                                                                                                                                                                                                                                                                                                                                                                        5\/5 - (2 votes)        "},{"@context":"https:\/\/schema.org\/","@type":"BreadcrumbList","itemListElement":[{"@type":"ListItem","position":1,"name":"S\u00eddlo firmy p\u0159\u00edmo v\u00a0centru Prahy","item":"https:\/\/www.kinetik.cz\/sidlo-firmy-primo-v-centru-prahy\/#breadcrumbitem"}]}]