[{"@context":"https:\/\/schema.org\/","@type":"Article","@id":"https:\/\/www.kinetik.cz\/proc-se-v-indii-rodi-postizene-deti\/#Article","mainEntityOfPage":"https:\/\/www.kinetik.cz\/proc-se-v-indii-rodi-postizene-deti\/","headline":"Pro\u010d se v Indii rod\u00ed posti\u017een\u00e9 d\u011bti","name":"Pro\u010d se v Indii rod\u00ed posti\u017een\u00e9 d\u011bti","description":",,Narodilo se d\u00edt\u011b, m\u011blo dv\u011b hlavy a t\u0159i ruce.&#8220;Takov\u00e9 zpr\u00e1vy m\u00e1me spojeny p\u0159edev\u0161\u00edm s Indi\u00ed. Jak je to ale doopravdy? Rod\u00ed se nejv\u00edce deformovan\u00fdch novorozenc\u016f pr\u00e1v\u011b v indick\u00e9 spole\u010dnosti? A pokud ano, pro\u010d je tomu tak? Ka\u017ed\u00e1 spole\u010dnost se stav\u00ed k deformit\u00e1m u novoroze\u0148at jinak. V indick\u00e9 spole\u010dnosti jsou tyto d\u011bti \u010dasto br\u00e1ny jako vt\u011blen\u00ed n\u011bkter\u00fdch boh\u016f. V jin\u00fdch spole\u010dnostech&hellip;","datePublished":"2019-11-05","dateModified":"2019-11-05","author":{"@type":"Person","@id":"https:\/\/www.kinetik.cz\/author\/#Person","name":"","url":"https:\/\/www.kinetik.cz\/author\/","identifier":1,"image":{"@type":"ImageObject","@id":"https:\/\/secure.gravatar.com\/avatar\/ac70c9e5ac34d1687bd81eed3e0a5127e2920111fdfe832b53d740bc4b86c4fd?s=96&d=mm&r=g","url":"https:\/\/secure.gravatar.com\/avatar\/ac70c9e5ac34d1687bd81eed3e0a5127e2920111fdfe832b53d740bc4b86c4fd?s=96&d=mm&r=g","height":96,"width":96}},"publisher":{"@type":"Organization","name":"kinetik.cz","logo":{"@type":"ImageObject","@id":"\/logo.png","url":"\/logo.png","width":600,"height":60}},"image":{"@type":"ImageObject","@id":"https:\/\/www.kinetik.cz\/wp-content\/uploads\/img_a361652_w3766_t1574863488.jpg","url":"https:\/\/www.kinetik.cz\/wp-content\/uploads\/img_a361652_w3766_t1574863488.jpg","height":0,"width":0},"url":"https:\/\/www.kinetik.cz\/proc-se-v-indii-rodi-postizene-deti\/","about":["Spole\u010dnosti"],"wordCount":421,"articleBody":",,Narodilo se d\u00edt\u011b, m\u011blo dv\u011b hlavy a t\u0159i ruce.&#8220;Takov\u00e9 zpr\u00e1vy m\u00e1me spojeny p\u0159edev\u0161\u00edm s Indi\u00ed. Jak je to ale doopravdy? Rod\u00ed se nejv\u00edce deformovan\u00fdch novorozenc\u016f pr\u00e1v\u011b v indick\u00e9 spole\u010dnosti? A pokud ano, pro\u010d je tomu tak? Ka\u017ed\u00e1 spole\u010dnost se stav\u00ed k deformit\u00e1m u novoroze\u0148at jinak. V indick\u00e9 spole\u010dnosti jsou tyto d\u011bti \u010dasto br\u00e1ny jako vt\u011blen\u00ed n\u011bkter\u00fdch boh\u016f. V jin\u00fdch spole\u010dnostech jsou jak\u00e1koli zdravotn\u00ed posti\u017een\u00ed tabu. Nen\u00ed pak v\u00fdjimkou, \u017ee tyto d\u011bti b\u00fdvaj\u00ed ukr\u00fdv\u00e1ny, nedost\u00e1v\u00e1 se jim pot\u0159ebn\u00e9 zdravotn\u00ed p\u00e9\u010de anebo jsou po narozen\u00ed usmrceny.  Faktem je, \u017ee drtiv\u00e1 v\u011bt\u0161ina t\u011bchto d\u011bt\u00ed se rod\u00ed v zem\u00edch chud\u00fdch. Nejv\u00edce takov\u00fdchto defekt\u016f pozorujeme na Bl\u00edzk\u00e9m v\u00fdchod\u011b a v Severn\u00ed Africe. Pomysln\u00e9 smutn\u00e9 prvn\u00ed m\u00edsto v\u0161ak nedr\u017e\u00ed Indie, n\u00fdbr\u017e S\u00fad\u00e1n. Odborn\u00edci se domn\u00edvaj\u00ed, \u017ee velk\u00e9mu procentu defekt\u016f by se dalo p\u0159edej\u00edt spr\u00e1vnou zdravotnickou p\u00e9\u010d\u00ed, kter\u00e9 se rodi\u010dk\u00e1m dost\u00e1v\u00e1 nap\u0159\u00edklad v evropsk\u00e9 spole\u010dnosti. Nejm\u00e9n\u011b takto posti\u017een\u00fdch d\u011bt\u00ed se rod\u00ed ve Francii. Je velice dob\u0159e mo\u017en\u00e9, \u017ee za vy\u0161\u0161\u00edm v\u00fdskytem t\u011bchto deformit m\u016f\u017ee b\u00fdt nap\u0159\u00edklad fakt, \u017ee v n\u011bkter\u00fdch zem\u00edch t\u00e9m\u011b\u0159 neexistuje sexu\u00e1ln\u00ed osv\u011bta, nav\u00edc chyb\u00ed dostate\u010dn\u00e1 zdravotnick\u00e1 p\u00e9\u010de. D\u00e1le se m\u016f\u017eeme domn\u00edvat, \u017ee plod po\u0161kozuje i potenci\u00e1ln\u00ed nedostatek \u017eivin ve strav\u011b. Pokud pak \u017eij\u00ed obyvatel\u00e9 na vesnici, probl\u00e9my se prohlubuj\u00ed. A to nejen probl\u00e9my s chudobou a nedostatkem zdravotn\u00ed p\u00e9\u010de a celkov\u00e9 osv\u011bty, av\u0161ak tak\u00e9 probl\u00e9my ve hled\u00e1n\u00ed si vhodn\u00e9ho partnera.  Na vesnic\u00edch se lid\u00e9 \u010dasto po generace \u017een\u00ed a vd\u00e1vaj\u00ed mezi sebou a jen t\u011b\u017eko si vezmou n\u011bkoho z vesnice okoln\u00ed \u010di dokonce z m\u011bsta. V takov\u00fdch p\u0159\u00edpadech m\u016f\u017ee hr\u00e1t roli i slab\u0161\u00ed genetika. V t\u011bchto spole\u010dnostech m\u016f\u017ee hr\u00e1t d\u00e1le roli v\u011bt\u0161\u00ed po\u010det zn\u00e1siln\u011bn\u00ed a \u0161patn\u00e1 poporodn\u00ed p\u00e9\u010de. Nebo\u0165 samotn\u00fd porod m\u016f\u017ee i v z\u00e1padn\u00ed spole\u010dnosti ohrozit na \u017eivot\u011b matku i d\u00edt\u011b a n\u011bkdy p\u0159i n\u011bm hraj\u00ed d\u016fle\u017eitou roli minuty a vte\u0159iny i p\u0159i t\u00e9 nejlep\u0161\u00ed p\u00e9\u010di.                                                                                                                                                                                                                                                                                                                                                                                         4.1\/5 - (8 votes)        "},{"@context":"https:\/\/schema.org\/","@type":"BreadcrumbList","itemListElement":[{"@type":"ListItem","position":1,"name":"Pro\u010d se v Indii rod\u00ed posti\u017een\u00e9 d\u011bti","item":"https:\/\/www.kinetik.cz\/proc-se-v-indii-rodi-postizene-deti\/#breadcrumbitem"}]}]