[{"@context":"https:\/\/schema.org\/","@type":"Article","@id":"https:\/\/www.kinetik.cz\/kazdy-na-ne-vzpomina\/#Article","mainEntityOfPage":"https:\/\/www.kinetik.cz\/kazdy-na-ne-vzpomina\/","headline":"Ka\u017ed\u00fd na n\u011b vzpom\u00edn\u00e1","name":"Ka\u017ed\u00fd na n\u011b vzpom\u00edn\u00e1","description":"Kdo by je nem\u011bl r\u00e1d. V\u017edy\u0165 v\u0161ichni jsme s\u00a0nimi rostli a i ti, kte\u0159\u00ed jich p\u0159\u00edli\u0161 nem\u011bli, nebo\u0165 jejich rodi\u010de nem\u011bli moc pen\u011bz anebo byli na jejich rozd\u00e1v\u00e1n\u00ed opatrn\u00ed, m\u011bli alespo\u0148 jednu jedinou, kterou si opatrovali jako oko v\u00a0hlav\u011b. V\u017edy\u0165 hra\u010dky, to je cel\u00e9 na\u0161e d\u011btstv\u00ed. A kdybychom se na n\u011b za\u0161li pod\u00edvat n\u011bkam do muzea, kde bychom mohli porovnat,&hellip;","datePublished":"2024-02-02","dateModified":"2024-02-02","author":{"@type":"Person","@id":"https:\/\/www.kinetik.cz\/author\/#Person","name":"","url":"https:\/\/www.kinetik.cz\/author\/","identifier":1,"image":{"@type":"ImageObject","@id":"https:\/\/secure.gravatar.com\/avatar\/ac70c9e5ac34d1687bd81eed3e0a5127e2920111fdfe832b53d740bc4b86c4fd?s=96&d=mm&r=g","url":"https:\/\/secure.gravatar.com\/avatar\/ac70c9e5ac34d1687bd81eed3e0a5127e2920111fdfe832b53d740bc4b86c4fd?s=96&d=mm&r=g","height":96,"width":96}},"publisher":{"@type":"Organization","name":"kinetik.cz","logo":{"@type":"ImageObject","@id":"\/logo.png","url":"\/logo.png","width":600,"height":60}},"url":"https:\/\/www.kinetik.cz\/kazdy-na-ne-vzpomina\/","wordCount":250,"articleBody":"\tKdo by je nem\u011bl r\u00e1d. V\u017edy\u0165 v\u0161ichni jsme s\u00a0nimi rostli a i ti, kte\u0159\u00ed jich p\u0159\u00edli\u0161 nem\u011bli, nebo\u0165 jejich rodi\u010de nem\u011bli moc pen\u011bz anebo byli na jejich rozd\u00e1v\u00e1n\u00ed opatrn\u00ed, m\u011bli alespo\u0148 jednu jedinou, kterou si opatrovali jako oko v\u00a0hlav\u011b. V\u017edy\u0165 hra\u010dky, to je cel\u00e9 na\u0161e d\u011btstv\u00ed. A kdybychom se na n\u011b za\u0161li pod\u00edvat n\u011bkam do muzea, kde bychom mohli porovnat, jak se v\u00a0pr\u016fb\u011bhu doby vyv\u00edjely, tak bychom na tom asi n\u00e1zorn\u011b vid\u011bli, jak na\u0161e spole\u010dnost postupn\u011b bohatla a jak se zdokonalovaly pou\u017eit\u00e9 technologie.\tJe to cel\u00e9 na\u0161e d\u011btstv\u00edV\u017edy\u0165 sama si je\u0161t\u011b moc dob\u0159e pamatujete, jak vypadala tehdej\u0161\u00ed panenka va\u0161\u00ed maminky, kterou jste jako d\u00edt\u011b na\u0161la pe\u010dliv\u011b uschovanou na p\u016fd\u011b. Va\u0161e maminka m\u011bla jen jednu jedinou takovou panenku, a proto si j\u00ed o to v\u00edce v\u00e1\u017eila, starostliv\u011b ji opatrovala a pe\u010dovala o ni jako o skute\u010dn\u00e9 d\u00edt\u011b. Kde\u017eto va\u0161e vnu\u010dky dnes maj\u00ed ve sv\u00e9m pokoji tolik panenek, \u017ee si je snad ani v\u0161echny nemohou zapamatovat a dost pochybujete i o tom, \u017ee si se v\u0161emi hraj\u00ed. Nav\u00edc, zat\u00edmco vy jste kdysi v\u00a0ko\u010d\u00e1rku vozila pannu, kter\u00e1 vypadala jako miminko, tak ty jejich panny jsou sp\u00ed\u0161e teenagerky, o kter\u00e9 nikdo pe\u010dovat nemus\u00ed.                                                                                                                                                                                                                                                                                                                                                                                        4\/5 - (5 votes)        "},{"@context":"https:\/\/schema.org\/","@type":"BreadcrumbList","itemListElement":[{"@type":"ListItem","position":1,"name":"Ka\u017ed\u00fd na n\u011b vzpom\u00edn\u00e1","item":"https:\/\/www.kinetik.cz\/kazdy-na-ne-vzpomina\/#breadcrumbitem"}]}]