[{"@context":"https:\/\/schema.org\/","@type":"Article","@id":"https:\/\/www.kinetik.cz\/jednoduche-podvojne-nebo-jinak\/#Article","mainEntityOfPage":"https:\/\/www.kinetik.cz\/jednoduche-podvojne-nebo-jinak\/","headline":"Jednoduch\u00e9, podvojn\u00e9? Nebo jinak?","name":"Jednoduch\u00e9, podvojn\u00e9? Nebo jinak?","description":"Jist\u011b zn\u00e1te tyto pojmy, kter\u00e9 je\u0161t\u011b do pom\u011brn\u011b ned\u00e1vn\u00e9 doby byly sklo\u0148ov\u00e1ny ve v\u0161ech p\u00e1dech, bylo v z\u00e1jmu ka\u017ed\u00e9 firmy, aby veden\u00ed \u00fa\u010detnictv\u00ed Praha m\u011bla v naprost\u00e9m po\u0159\u00e1dku, aby v\u0161e sed\u011blo do posledn\u00edho hal\u00e9\u0159e. V\u00edte ale, \u017ee v\u00fd\u0161e uveden\u00e9 pojmy jsou ji\u017e histori\u00ed? Pokud se o tuto oblast nezaj\u00edm\u00e1te, mo\u017en\u00e1 jste to ani nezaregistrovali, odborn\u00edci jsou v\u0161ak ji\u017e d\u00e1vno v&hellip;","datePublished":"2023-06-22","dateModified":"2024-06-24","author":{"@type":"Person","@id":"https:\/\/www.kinetik.cz\/author\/#Person","name":"","url":"https:\/\/www.kinetik.cz\/author\/","identifier":1,"image":{"@type":"ImageObject","@id":"https:\/\/secure.gravatar.com\/avatar\/ac70c9e5ac34d1687bd81eed3e0a5127e2920111fdfe832b53d740bc4b86c4fd?s=96&d=mm&r=g","url":"https:\/\/secure.gravatar.com\/avatar\/ac70c9e5ac34d1687bd81eed3e0a5127e2920111fdfe832b53d740bc4b86c4fd?s=96&d=mm&r=g","height":96,"width":96}},"publisher":{"@type":"Organization","name":"kinetik.cz","logo":{"@type":"ImageObject","@id":"\/logo.png","url":"\/logo.png","width":600,"height":60}},"url":"https:\/\/www.kinetik.cz\/jednoduche-podvojne-nebo-jinak\/","wordCount":266,"articleBody":"Jist\u011b zn\u00e1te tyto pojmy, kter\u00e9 je\u0161t\u011b do pom\u011brn\u011b ned\u00e1vn\u00e9 doby byly sklo\u0148ov\u00e1ny ve v\u0161ech p\u00e1dech, bylo v z\u00e1jmu ka\u017ed\u00e9 firmy, aby veden\u00ed \u00fa\u010detnictv\u00ed Praha m\u011bla v naprost\u00e9m po\u0159\u00e1dku, aby v\u0161e sed\u011blo do posledn\u00edho hal\u00e9\u0159e. V\u00edte ale, \u017ee v\u00fd\u0161e uveden\u00e9 pojmy jsou ji\u017e histori\u00ed? Pokud se o tuto oblast nezaj\u00edm\u00e1te, mo\u017en\u00e1 jste to ani nezaregistrovali, odborn\u00edci jsou v\u0161ak ji\u017e d\u00e1vno v obraze. Nebojte se ale, \u017ee by do\u0161lo k n\u011bjak\u00e9 z\u00e1sadn\u00ed zm\u011bn\u011b v principu samotn\u00e9ho evidov\u00e1n\u00ed finan\u010dn\u00ed situace firmy, jde v z\u00e1sad\u011b jen o zm\u011bnu terminologie. Dnes je to trochu jinak. B\u00fdval\u00e9 podvojn\u00e9 je pouze pod n\u00e1zvem \u00fa\u010detnictv\u00ed, jednoduch\u00e9 se jmenuje da\u0148ov\u00e1 evidence.\tA co budete m\u00edt Vy?Mo\u017enost volby, jak\u00fdm zp\u016fsobem \u0159e\u0161it sv\u00e9 finan\u010dn\u00ed z\u00e1le\u017eitosti, maj\u00ed jen n\u011bkte\u0159\u00ed. Pokud je Va\u0161e firma evidov\u00e1na jako pr\u00e1vnick\u00e1 osoba, m\u00e1te to bez v\u00e1h\u00e1n\u00ed, b\u00fdval\u00e9 podvojn\u00e9 \u010dek\u00e1 pr\u00e1v\u011b na V\u00e1s. A pokud podnik\u00e1te jako fyzick\u00e1 osoba? Pak si m\u016f\u017eete vybrat, zda volit rad\u011bji da\u0148ovou evidenci, kter\u00e1 je jednodu\u0161\u0161\u00ed. Ov\u0161em jen do jist\u00e9 v\u00fd\u0161e obratu, p\u0159ekro\u010d\u00edte-li jej, rovn\u011b\u017e volit nem\u016f\u017eete. Orientace v t\u00e9to oblasti vy\u017eaduje perfektn\u00ed znalost nejnov\u011bj\u0161\u00edch sm\u011brnic, nechte to rad\u011bji na odborn\u00edc\u00edch, a\u0165 m\u00e1te jistotu, \u017ee v\u0161e je v dokonal\u00e9m po\u0159\u00e1dku.                                                                                                                                                                                                                                                                                                                                                                                        4.2\/5 - (6 votes)        "},{"@context":"https:\/\/schema.org\/","@type":"BreadcrumbList","itemListElement":[{"@type":"ListItem","position":1,"name":"Jednoduch\u00e9, podvojn\u00e9? Nebo jinak?","item":"https:\/\/www.kinetik.cz\/jednoduche-podvojne-nebo-jinak\/#breadcrumbitem"}]}]