[{"@context":"https:\/\/schema.org\/","@type":"Article","@id":"https:\/\/www.kinetik.cz\/fotografie-zivy-nahled-do-minulosti\/#Article","mainEntityOfPage":"https:\/\/www.kinetik.cz\/fotografie-zivy-nahled-do-minulosti\/","headline":"Fotografie, \u017eiv\u00fd n\u00e1hled do minulosti","name":"Fotografie, \u017eiv\u00fd n\u00e1hled do minulosti","description":"Vzpome\u0148te si, kdy jste se naposledy vyfotili se sv\u00fdmi milovan\u00fdmi. \u017de u\u017e to n\u011bjak\u00fd ten p\u00e1tek je? Tak to by cht\u011blo napravit a po\u0159\u00eddit n\u011bjak\u00fd nov\u00fd sn\u00edmek. Svolejte celou rodinu a nechte se zv\u011b\u010dnit. Nad \u010d\u00edm jin\u00fdm toti\u017e m\u016f\u017eete vzpom\u00ednat tak \u017eiv\u011b jako nad fotografiemi? Ve v\u0161ech velikostech i barv\u00e1ch Pokud chcete m\u00edt fotografii opravdu kvalitn\u00ed, zajd\u011bte k odborn\u00edkovi. Ten&hellip;","datePublished":"2024-12-14","dateModified":"2024-12-14","author":{"@type":"Person","@id":"https:\/\/www.kinetik.cz\/author\/#Person","name":"","url":"https:\/\/www.kinetik.cz\/author\/","identifier":1,"image":{"@type":"ImageObject","@id":"https:\/\/secure.gravatar.com\/avatar\/ac70c9e5ac34d1687bd81eed3e0a5127e2920111fdfe832b53d740bc4b86c4fd?s=96&d=mm&r=g","url":"https:\/\/secure.gravatar.com\/avatar\/ac70c9e5ac34d1687bd81eed3e0a5127e2920111fdfe832b53d740bc4b86c4fd?s=96&d=mm&r=g","height":96,"width":96}},"publisher":{"@type":"Organization","name":"kinetik.cz","logo":{"@type":"ImageObject","@id":"\/logo.png","url":"\/logo.png","width":600,"height":60}},"url":"https:\/\/www.kinetik.cz\/fotografie-zivy-nahled-do-minulosti\/","wordCount":209,"articleBody":"Vzpome\u0148te si, kdy jste se naposledy vyfotili se sv\u00fdmi milovan\u00fdmi. \u017de u\u017e to n\u011bjak\u00fd ten p\u00e1tek je? Tak to by cht\u011blo napravit a po\u0159\u00eddit n\u011bjak\u00fd nov\u00fd sn\u00edmek. Svolejte celou rodinu a nechte se zv\u011b\u010dnit. Nad \u010d\u00edm jin\u00fdm toti\u017e m\u016f\u017eete vzpom\u00ednat tak \u017eiv\u011b jako nad fotografiemi? Ve v\u0161ech velikostech i barv\u00e1ch Pokud chcete m\u00edt fotografii opravdu kvalitn\u00ed, zajd\u011bte k odborn\u00edkovi. Ten v\u00e1m d\u00e1 na v\u00fdb\u011br z n\u011bkolika form\u00e1t\u016f, neboli velikost\u00ed, ale m\u016f\u017eete si vybrat i odst\u00edn. Barevn\u00fd, \u010dernob\u00edl\u00fd, ale klidn\u011b i r\u016fzn\u00e9 efekty jsou k dispozici, tak\u017ee v\u00fdb\u011br je jen na v\u00e1s. Chcete-li si v\u00fdslednou fotografii pov\u011bsit na ze\u010f, m\u00e1te mo\u017enost. M\u016f\u017eete si ji nechat zar\u00e1movat, a tak s origin\u00e1ln\u00edm modern\u00edm obrazem nad\u011bl\u00e1te par\u00e1du raz dva. Tak jsme se zm\u011bnili Za p\u00e1r let, a\u017e se v\u0161ichni zase sejdete, m\u016f\u017eete zkoumat, jak moc jste se za t\u011bch p\u00e1r let zm\u011bnili. D\u011bti vyrostly a dosp\u011bl\u00ed zest\u00e1rli. \u010cas holt ut\u00edk\u00e1 jak voda a nejde dohonit ani zastavit.                                                                                                                                                                                                                                                                                                                                                                                        4\/5 - (2 votes)        "},{"@context":"https:\/\/schema.org\/","@type":"BreadcrumbList","itemListElement":[{"@type":"ListItem","position":1,"name":"Fotografie, \u017eiv\u00fd n\u00e1hled do minulosti","item":"https:\/\/www.kinetik.cz\/fotografie-zivy-nahled-do-minulosti\/#breadcrumbitem"}]}]