[{"@context":"https:\/\/schema.org\/","@type":"Article","@id":"https:\/\/www.kinetik.cz\/chci-zit-ve-svem\/#Article","mainEntityOfPage":"https:\/\/www.kinetik.cz\/chci-zit-ve-svem\/","headline":"Chci \u017e\u00edt ve sv\u00e9m","name":"Chci \u017e\u00edt ve sv\u00e9m","description":"Mnoz\u00ed lid\u00e9 tou\u017e\u00ed po vlastn\u00edm dom\u011b nebo byt\u011b, kter\u00fd bude uspokojovat v\u0161echny jejich pot\u0159eby. To m\u016f\u017ee znamenat krom\u011b komfortu a velmi n\u00edzk\u00e9 energetick\u00e9 n\u00e1ro\u010dnosti, p\u0159edev\u0161\u00edm zdrav\u00e9 bydlen\u00ed, pokud mo\u017eno obklopen\u00e9 zelen\u00ed.Bydlet ve vilov\u00e9 \u010dtvrti nebo v n\u011bjak\u00e9 atraktivn\u00ed lokalit\u011b, m\u00edt dostate\u010dn\u011b velk\u00fd prostor pro svou rodinu, tak to je ur\u010dit\u011b finan\u010dn\u011b n\u00e1ro\u010dn\u00e9 a nem\u016f\u017ee si to dovolit ka\u017ed\u00fd. Ale kdo&hellip;","datePublished":"2019-11-18","dateModified":"2019-11-18","author":{"@type":"Person","@id":"https:\/\/www.kinetik.cz\/author\/#Person","name":"","url":"https:\/\/www.kinetik.cz\/author\/","identifier":1,"image":{"@type":"ImageObject","@id":"https:\/\/secure.gravatar.com\/avatar\/ac70c9e5ac34d1687bd81eed3e0a5127e2920111fdfe832b53d740bc4b86c4fd?s=96&d=mm&r=g","url":"https:\/\/secure.gravatar.com\/avatar\/ac70c9e5ac34d1687bd81eed3e0a5127e2920111fdfe832b53d740bc4b86c4fd?s=96&d=mm&r=g","height":96,"width":96}},"publisher":{"@type":"Organization","name":"kinetik.cz","logo":{"@type":"ImageObject","@id":"\/logo.png","url":"\/logo.png","width":600,"height":60}},"image":{"@type":"ImageObject","@id":"https:\/\/www.kinetik.cz\/wp-content\/uploads\/img_a361303_w3766_t1574598169.jpg","url":"https:\/\/www.kinetik.cz\/wp-content\/uploads\/img_a361303_w3766_t1574598169.jpg","height":0,"width":0},"url":"https:\/\/www.kinetik.cz\/chci-zit-ve-svem\/","about":["Byt a d\u016fm"],"wordCount":536,"articleBody":"Mnoz\u00ed lid\u00e9 tou\u017e\u00ed po vlastn\u00edm dom\u011b nebo byt\u011b, kter\u00fd bude uspokojovat v\u0161echny jejich pot\u0159eby. To m\u016f\u017ee znamenat krom\u011b komfortu a velmi n\u00edzk\u00e9 energetick\u00e9 n\u00e1ro\u010dnosti, p\u0159edev\u0161\u00edm zdrav\u00e9 bydlen\u00ed, pokud mo\u017eno obklopen\u00e9 zelen\u00ed.Bydlet ve vilov\u00e9 \u010dtvrti nebo v n\u011bjak\u00e9 atraktivn\u00ed lokalit\u011b, m\u00edt dostate\u010dn\u011b velk\u00fd prostor pro svou rodinu, tak to je ur\u010dit\u011b finan\u010dn\u011b n\u00e1ro\u010dn\u00e9 a nem\u016f\u017ee si to dovolit ka\u017ed\u00fd. Ale kdo by to necht\u011bl? \u017d\u00edt i v men\u0161\u00edm byt\u011b nebo v \u010d\u00e1sti domu se sv\u00fdmi rodi\u010di, i toto bydlen\u00ed m\u016f\u017ee splnit va\u0161e p\u0159edstavy o pohodln\u00e9m bydlen\u00ed. Nap\u0159\u00edklad d\u016fmyslnou rekonstrukc\u00ed toho m\u016f\u017eete dos\u00e1hnout.  Pokud jste ve f\u00e1zi vybavov\u00e1n\u00ed hypot\u00e9ky, tak v\u00edte, co v\u0161e d\u016fle\u017eit\u00e9 pot\u0159ebujete m\u00edt, aby jedn\u00e1n\u00ed s bankou bylo \u00fasp\u011b\u0161n\u00e9. V tomto sm\u011bru velmi pom\u016f\u017ee kvalitn\u00ed finan\u010dn\u00ed poradce. A v\u011b\u0159te, \u017ee se to vyplat\u00ed. U\u0161et\u0159\u00edte si nejenom mnoho \u010dasu, ale nebudete \u017e\u00edt v neust\u00e1l\u00e9m stresu. Okolo bydlen\u00ed jsou v\u017edy starosti, a\u0165 se jedn\u00e1 o d\u016fm, \u010di byt. Nov\u00fd nebo star\u00fd. Kter\u00fd si ale postupn\u011b sami budete za\u0159izovat. T\u0159eba jen m\u00edstnost po m\u00edstnosti, ale podle sv\u00fdch p\u0159edstav. Je to p\u0159\u00edjemn\u00e9. v  Nejd\u016fle\u017eit\u011bj\u0161\u00ed m\u00edstnost b\u00fdv\u00e1 v ka\u017ed\u00e9m obydl\u00ed zpravidla KUCHY\u0147. Co je jej\u00edm \u00fa\u010delem, to snad v\u00ed ka\u017ed\u00fd. Je nejenom d\u016fle\u017eit\u00e1 pro p\u0159\u00edpravu a va\u0159en\u00ed j\u00eddla, ale pokud m\u00e1te v kuchyni dostatek m\u00edsta pro j\u00eddeln\u00ed st\u016fl, je tento kuchy\u0148sk\u00fd kout b\u00e1je\u010dn\u00fd na posezen\u00ed nejenom s rodinou, ale i na pobaven\u00ed se s d\u016fv\u011brn\u00fdmi p\u0159\u00e1teli. Alespo\u0148 v mnoh\u00fdch rodin\u00e1ch je to st\u00e1le takov\u00e1 tradice.  V sou\u010dasnosti je dost modern\u00ed trend, m\u00edt kuchy\u0148 otev\u0159enou a spojenou s ob\u00fdvac\u00edm prostorem. To je ot\u00e1zka nejenom vkusu a velikosti prostoru. Kuchy\u0148 je p\u0159ev\u00e1\u017en\u011b m\u00edstnost, kde ve v\u011bt\u0161in\u011b p\u0159\u00edpad\u016f zde rozhoduje \u017eena. Va\u0159\u00ed, obsluhuje a udr\u017euje po\u0159\u00e1dek. Nejenom v kuchyni rozhoduje prakti\u010dnost, ale i vzhled. Mal\u00e9 kuchyn\u011bmohou b\u00fdt velmi \u00fatuln\u00e9. Prostor v t\u00e9to kuchyni se opticky zv\u011bt\u0161\u00ed p\u0159edev\u0161\u00edm t\u00edm, kdy\u017e barva n\u00e1bytku, podlahy a st\u011bn jsou ve sv\u011btl\u00fdch t\u00f3nech. Vestav\u011bn\u00e9 spot\u0159ebi\u010de, r\u016fzn\u00e9 z\u00e1v\u011bsn\u00e9 sk\u0159\u00ed\u0148ky v\u00e1m u\u0161et\u0159\u00ed hodn\u011b m\u00edsta. Vhodn\u011b um\u00edst\u011bn\u00fd mal\u00fd pracovn\u00ed st\u016fl u kuchy\u0148sk\u00e9 linky m\u016f\u017ee poslou\u017eit i jako j\u00eddeln\u00ed stolek pro dv\u011b osoby. V\u00fdb\u011br osv\u011btlen\u00ed, jak pod kuchy\u0148skou linkou nebo pracovn\u00ed deskou, je velmi d\u016fle\u017eit\u00e9. V ka\u017ed\u00e9 kuchyni by se p\u0159edev\u0161\u00edm m\u011bla c\u00edtit dob\u0159e \u017eena (nebo i mu\u017e), kter\u00fd va\u0159\u00ed. Proto by ten, kdo bude v kuchyni \u201evl\u00e1dnout\u201c, by si m\u011bl v\u0161e p\u0159edem dob\u0159e promyslet. A podle toho si vyb\u00edral n\u00e1bytek, spot\u0159ebi\u010de a r\u016fzn\u00e9 dopl\u0148ky.                                                                                                                                                                                                                                                                                                                                                                                         3.7\/5 - (12 votes)        "},{"@context":"https:\/\/schema.org\/","@type":"BreadcrumbList","itemListElement":[{"@type":"ListItem","position":1,"name":"Chci \u017e\u00edt ve sv\u00e9m","item":"https:\/\/www.kinetik.cz\/chci-zit-ve-svem\/#breadcrumbitem"}]}]